{"id":3947,"date":"2025-08-04T10:18:40","date_gmt":"2025-08-04T08:18:40","guid":{"rendered":"https:\/\/abclap.webd.pro\/serwislaptopow\/?p=3947"},"modified":"2025-08-04T10:18:42","modified_gmt":"2025-08-04T08:18:42","slug":"laptop-dell-sie-wlacza-ale-ekran-jest-czarny","status":"publish","type":"post","link":"https:\/\/abclap.pl\/serwislaptopow\/laptop-dell-sie-wlacza-ale-ekran-jest-czarny\/","title":{"rendered":"Laptop Dell si\u0119 w\u0142\u0105cza, ale ekran jest czarny"},"content":{"rendered":"\n<p class=\"wp-block-paragraph\">Tw\u00f3j laptop uruchamia si\u0119, ale ekran pozostaje czarny? To cz\u0119sty problem, kt\u00f3ry mo\u017ce wynika\u0107 z wielu r\u00f3\u017cnych przyczyn, od b\u0142\u0119d\u00f3w systemowych, przez usterki podzespo\u0142\u00f3w, a\u017c po uszkodzenia matrycy. <br>W tym artykule przedstawiamy najcz\u0119stsze powody, dla kt\u00f3rych ekran w laptopie mo\u017ce pozosta\u0107 czarny mimo uruchamiania urz\u0105dzenia, oraz podpowiadamy, co warto sprawdzi\u0107 i kiedy uda\u0107 si\u0119 do naszego serwisu.<\/p>\n\n\n\n<p class=\"has-medium-font-size wp-block-paragraph\"><strong>1. Czarny ekran po uruchomieniu? Najcz\u0119stsze przyczyny<\/strong><\/p>\n\n\n\n<p class=\"has-medium-font-size wp-block-paragraph\"><strong>Problemy z zasilaniem lub bateri\u0105<\/strong><\/p>\n\n\n\n<p class=\"wp-block-paragraph\">Upewnij si\u0119, \u017ce laptop ma zasilanie, pod\u0142\u0105cz zasilacz i sprawd\u017a, czy dioda \u0142adowania \u015bwieci. <br>Czasem uszkodzona bateria lub gniazdo zasilania mo\u017ce powodowa\u0107 niepe\u0142ne uruchamianie systemu.<\/p>\n\n\n\n<p class=\"has-medium-font-size wp-block-paragraph\"><strong>Uszkodzona pami\u0119\u0107 RAM<\/strong><\/p>\n\n\n\n<p class=\"wp-block-paragraph\">Uszkodzone lub niedopasowane modu\u0142y RAM to jedna z najcz\u0119stszych przyczyn czarnego ekranu. Spr\u00f3buj wyj\u0105\u0107 i ponownie w\u0142o\u017cy\u0107 pami\u0119\u0107 RAM, najlepiej uruchamiaj\u0105c laptopa tylko z jednym modu\u0142em.<\/p>\n\n\n\n<p class=\"has-medium-font-size wp-block-paragraph\"><strong>Problemy z matryc\u0105 lub ta\u015bm\u0105 sygna\u0142ow\u0105<\/strong><\/p>\n\n\n\n<p class=\"wp-block-paragraph\">Czarny ekran mo\u017ce oznacza\u0107 usterk\u0119 matrycy LCD lub problem z ta\u015bm\u0105 \u0142\u0105cz\u0105c\u0105 p\u0142yt\u0119 g\u0142\u00f3wn\u0105 z ekranem. Typowe objawy to: brak pod\u015bwietlenia, wy\u015bwietlacz dzia\u0142a tylko pod k\u0105tem lub laptop reaguje tylko <br>po pod\u0142\u0105czeniu zewn\u0119trznego monitora.<\/p>\n\n\n\n<p class=\"has-medium-font-size wp-block-paragraph\"><strong>Uszkodzenie BIOS-u lub jego konfiguracji<\/strong><\/p>\n\n\n\n<p class=\"wp-block-paragraph\">Czasem problem mo\u017cna rozwi\u0105za\u0107 resetuj\u0105c BIOS, np. przez wyj\u0119cie baterii CMOS lub u\u017cycie kombinacji klawiszy (np. FN + ESC lub FN + F2 przy starcie \u2013 zale\u017cnie od modelu).<\/p>\n\n\n\n<p class=\"has-medium-font-size wp-block-paragraph\"><strong>Awaria p\u0142yty g\u0142\u00f3wnej lub uk\u0142adu graficznego<\/strong><\/p>\n\n\n\n<p class=\"wp-block-paragraph\">Je\u015bli laptop w\u0142\u0105cza si\u0119, ale nie daje obrazu nawet na zewn\u0119trznym monitorze, mo\u017cliwe, \u017ce usterka dotyczy uk\u0142adu BGA GPU lub chipsetu. To wymaga zaawansowanej diagnostyki w naszym serwisie.<\/p>\n\n\n\n<p class=\"has-medium-font-size wp-block-paragraph\"><strong>2. Co mo\u017cesz zrobi\u0107 samodzielnie?<\/strong><\/p>\n\n\n\n<ul class=\"wp-block-list\">\n<li>Od\u0142\u0105cz wszystkie urz\u0105dzenia USB, dyski zewn\u0119trzne i dodatkowe akcesoria.<\/li>\n\n\n\n<li>Spr\u00f3buj uruchomi\u0107 laptopa z pod\u0142\u0105czonym zewn\u0119trznym monitorem (HDMI lub VGA).<\/li>\n\n\n\n<li>Wykonaj twardy reset, wy\u0142\u0105cz laptopa, od\u0142\u0105cz zasilanie, wyjmij bateri\u0119 (je\u015bli to mo\u017cliwe), przytrzymaj przycisk zasilania przez 30 sekund i spr\u00f3buj ponownie uruchomi\u0107.<\/li>\n\n\n\n<li>Sprawd\u017a, czy \u015bwiec\u0105 si\u0119 diody sygnalizacyjne, mog\u0105 one informowa\u0107 o kodach b\u0142\u0119d\u00f3w.<\/li>\n<\/ul>\n\n\n\n<p class=\"has-medium-font-size wp-block-paragraph\"><strong>3. Kiedy odda\u0107 laptopa do naszego serwisu?<\/strong><\/p>\n\n\n\n<p class=\"wp-block-paragraph\">Je\u015bli:<\/p>\n\n\n\n<ul class=\"wp-block-list\">\n<li>ekran wci\u0105\u017c pozostaje czarny mimo pr\u00f3b resetu,<\/li>\n\n\n\n<li>nie ma reakcji na zewn\u0119trzny monitor,<\/li>\n\n\n\n<li>s\u0142ycha\u0107 wentylator, ale nie pojawia si\u0119 logo DELL,<\/li>\n\n\n\n<li>wcze\u015bniej laptop przegrzewa\u0142 si\u0119 lub by\u0142 zalany,<\/li>\n<\/ul>\n\n\n\n<p class=\"wp-block-paragraph\">to znak, \u017ce konieczna b\u0119dzie diagnoza sprz\u0119towa w naszym serwisie.<\/p>\n\n\n\n<p class=\"wp-block-paragraph\"><strong>4. Dlaczego warto naprawi\u0107 laptopa w naszym pogwarancyjnym serwisie ABCLAP w Krakowie?<\/strong><\/p>\n\n\n\n<p class=\"wp-block-paragraph\">&#8211; Wieloletnie do\u015bwiadczenie w naprawach p\u0142yt g\u0142\u00f3wnych<br>&#8211; Diagnostyka sprz\u0119tu w 24h<br>&#8211; Naprawiamy r\u00f3wnie\u017c to, czego inne serwisy si\u0119 nie podejmuj\u0105<br>&#8211; Bezp\u0142atna konsultacja i wycena, zanim podejmiesz decyzj\u0119<\/p>\n\n\n\n<p class=\"has-medium-font-size wp-block-paragraph\"><strong>Podsumowanie: Laptop Dell si\u0119 w\u0142\u0105cza, ale ekran jest czarny<\/strong><\/p>\n\n\n\n<p class=\"wp-block-paragraph\">Czarny ekran w laptopie po uruchomieniu to problem, kt\u00f3ry mo\u017ce wynika\u0107 z:<\/p>\n\n\n\n<ul class=\"wp-block-list\">\n<li>uszkodzenia matrycy lub ta\u015bmy sygna\u0142owej,<\/li>\n\n\n\n<li>problem\u00f3w z RAM-em lub BIOS-em,<\/li>\n\n\n\n<li>awarii uk\u0142adu graficznego lub p\u0142yty g\u0142\u00f3wnej,<\/li>\n\n\n\n<li>drobnych usterek, kt\u00f3re da si\u0119 naprawi\u0107 samodzielnie (np. reset, zewn\u0119trzny monitor).<\/li>\n<\/ul>\n\n\n\n<p class=\"wp-block-paragraph\"><\/p>\n","protected":false},"excerpt":{"rendered":"<p>Tw\u00f3j laptop uruchamia si\u0119, ale ekran pozostaje czarny? To cz\u0119sty problem, kt\u00f3ry mo\u017ce wynika\u0107 z wielu r\u00f3\u017cnych przyczyn, od b\u0142\u0119d\u00f3w systemowych, przez usterki podzespo\u0142\u00f3w, a\u017c po uszkodzenia matrycy. W tym artykule przedstawiamy najcz\u0119stsze powody, dla kt\u00f3rych ekran w laptopie mo\u017ce pozosta\u0107 czarny mimo uruchamiania urz\u0105dzenia, oraz podpowiadamy, co warto sprawdzi\u0107 i kiedy uda\u0107 si\u0119 do [&hellip;]<\/p>\n","protected":false},"author":1,"featured_media":3948,"comment_status":"closed","ping_status":"closed","sticky":false,"template":"","format":"standard","meta":{"ngg_post_thumbnail":0,"footnotes":""},"categories":[1],"tags":[493,541,637,602,638,80,144],"class_list":["post-3947","post","type-post","status-publish","format-standard","has-post-thumbnail","hentry","category-blog","tag-czarnyekran","tag-czarnyekrandell","tag-dellserwis","tag-diagnostykalaptopow","tag-komputersieniewlacza-2","tag-naprawalaptopa","tag-serwislaptopow"],"rttpg_featured_image_url":{"full":["https:\/\/abclap.pl\/serwislaptopow\/wp-content\/uploads\/2025\/08\/Laptop-Dell-wlacza-sie-ale-ekran-jest-czarny.png",1024,1024,false],"landscape":["https:\/\/abclap.pl\/serwislaptopow\/wp-content\/uploads\/2025\/08\/Laptop-Dell-wlacza-sie-ale-ekran-jest-czarny.png",1024,1024,false],"portraits":["https:\/\/abclap.pl\/serwislaptopow\/wp-content\/uploads\/2025\/08\/Laptop-Dell-wlacza-sie-ale-ekran-jest-czarny.png",1024,1024,false],"thumbnail":["https:\/\/abclap.pl\/serwislaptopow\/wp-content\/uploads\/2025\/08\/Laptop-Dell-wlacza-sie-ale-ekran-jest-czarny-150x150.png",150,150,true],"medium":["https:\/\/abclap.pl\/serwislaptopow\/wp-content\/uploads\/2025\/08\/Laptop-Dell-wlacza-sie-ale-ekran-jest-czarny-300x300.png",300,300,true],"large":["https:\/\/abclap.pl\/serwislaptopow\/wp-content\/uploads\/2025\/08\/Laptop-Dell-wlacza-sie-ale-ekran-jest-czarny.png",1024,1024,false],"1536x1536":["https:\/\/abclap.pl\/serwislaptopow\/wp-content\/uploads\/2025\/08\/Laptop-Dell-wlacza-sie-ale-ekran-jest-czarny.png",1024,1024,false],"2048x2048":["https:\/\/abclap.pl\/serwislaptopow\/wp-content\/uploads\/2025\/08\/Laptop-Dell-wlacza-sie-ale-ekran-jest-czarny.png",1024,1024,false],"phone-repair-360x185-cropped":["https:\/\/abclap.pl\/serwislaptopow\/wp-content\/uploads\/2025\/08\/Laptop-Dell-wlacza-sie-ale-ekran-jest-czarny-360x185.png",360,185,true],"phone-repair-360x360-cropped":["https:\/\/abclap.pl\/serwislaptopow\/wp-content\/uploads\/2025\/08\/Laptop-Dell-wlacza-sie-ale-ekran-jest-czarny-360x360.png",360,360,true],"rpwe-thumbnail":["https:\/\/abclap.pl\/serwislaptopow\/wp-content\/uploads\/2025\/08\/Laptop-Dell-wlacza-sie-ale-ekran-jest-czarny-45x45.png",45,45,true]},"rttpg_author":{"display_name":"Krzysztof vel Kadulski","author_link":"https:\/\/abclap.pl\/serwislaptopow\/author\/abclap\/"},"rttpg_comment":0,"rttpg_category":"<a href=\"https:\/\/abclap.pl\/serwislaptopow\/category\/blog\/\" rel=\"category tag\">Blog<\/a>","rttpg_excerpt":"Tw\u00f3j laptop uruchamia si\u0119, ale ekran pozostaje czarny? To cz\u0119sty problem, kt\u00f3ry mo\u017ce wynika\u0107 z wielu r\u00f3\u017cnych przyczyn, od b\u0142\u0119d\u00f3w systemowych, przez usterki podzespo\u0142\u00f3w, a\u017c po uszkodzenia matrycy. W tym artykule przedstawiamy najcz\u0119stsze powody, dla kt\u00f3rych ekran w laptopie mo\u017ce pozosta\u0107 czarny mimo uruchamiania urz\u0105dzenia, oraz podpowiadamy, co warto sprawdzi\u0107 i kiedy uda\u0107 si\u0119 do&hellip;","_links":{"self":[{"href":"https:\/\/abclap.pl\/serwislaptopow\/wp-json\/wp\/v2\/posts\/3947","targetHints":{"allow":["GET"]}}],"collection":[{"href":"https:\/\/abclap.pl\/serwislaptopow\/wp-json\/wp\/v2\/posts"}],"about":[{"href":"https:\/\/abclap.pl\/serwislaptopow\/wp-json\/wp\/v2\/types\/post"}],"author":[{"embeddable":true,"href":"https:\/\/abclap.pl\/serwislaptopow\/wp-json\/wp\/v2\/users\/1"}],"replies":[{"embeddable":true,"href":"https:\/\/abclap.pl\/serwislaptopow\/wp-json\/wp\/v2\/comments?post=3947"}],"version-history":[{"count":1,"href":"https:\/\/abclap.pl\/serwislaptopow\/wp-json\/wp\/v2\/posts\/3947\/revisions"}],"predecessor-version":[{"id":3949,"href":"https:\/\/abclap.pl\/serwislaptopow\/wp-json\/wp\/v2\/posts\/3947\/revisions\/3949"}],"wp:featuredmedia":[{"embeddable":true,"href":"https:\/\/abclap.pl\/serwislaptopow\/wp-json\/wp\/v2\/media\/3948"}],"wp:attachment":[{"href":"https:\/\/abclap.pl\/serwislaptopow\/wp-json\/wp\/v2\/media?parent=3947"}],"wp:term":[{"taxonomy":"category","embeddable":true,"href":"https:\/\/abclap.pl\/serwislaptopow\/wp-json\/wp\/v2\/categories?post=3947"},{"taxonomy":"post_tag","embeddable":true,"href":"https:\/\/abclap.pl\/serwislaptopow\/wp-json\/wp\/v2\/tags?post=3947"}],"curies":[{"name":"wp","href":"https:\/\/api.w.org\/{rel}","templated":true}]}}