{"id":4005,"date":"2025-08-26T13:04:23","date_gmt":"2025-08-26T11:04:23","guid":{"rendered":"https:\/\/abclap.webd.pro\/serwislaptopow\/?p=4005"},"modified":"2025-09-02T11:19:18","modified_gmt":"2025-09-02T09:19:18","slug":"laptop-acer-czarny-ekran-po-wlaczeniu","status":"publish","type":"post","link":"https:\/\/abclap.pl\/serwislaptopow\/laptop-acer-czarny-ekran-po-wlaczeniu\/","title":{"rendered":"Laptop Acer, czarny ekran po w\u0142\u0105czeniu"},"content":{"rendered":"\n<p class=\"wp-block-paragraph\">Czarny ekran po uruchomieniu laptopa Acer to jedna z najcz\u0119stszych usterek, z jakimi spotykaj\u0105 si\u0119 u\u017cytkownicy. Sprz\u0119t reaguje na w\u0142\u0105czenie, s\u0142yszysz prac\u0119 wentylatora, \u015bwiec\u0105 si\u0119 kontrolki, ale na matrycy nie pojawia si\u0119 \u017caden obraz. Problem mo\u017ce dotyczy\u0107 zar\u00f3wno modeli z serii Aspire, Nitro, Predator, jak i innych. Przyczyn takiej awarii jest kilka, od drobnych usterek oprogramowania po powa\u017cne uszkodzenia podzespo\u0142\u00f3w.<\/p>\n\n\n\n<p class=\"has-medium-font-size wp-block-paragraph\"><strong>Najcz\u0119stsze przyczyny czarnego ekranu w laptopach Acer<\/strong><\/p>\n\n\n\n<ol start=\"1\" class=\"wp-block-list\">\n<li><strong>B\u0142\u0119dy BIOS lub UEFI<\/strong> \u2013 uszkodzony lub niepoprawnie zapisany firmware mo\u017ce uniemo\u017cliwi\u0107 start systemu.<\/li>\n\n\n\n<li><strong>Uszkodzona matryca lub ta\u015bma sygna\u0142owa<\/strong> \u2013 je\u015bli pod\u015bwietlenie dzia\u0142a, ale brak obrazu, problem mo\u017ce tkwi\u0107 w po\u0142\u0105czeniu mi\u0119dzy p\u0142yt\u0105 g\u0142\u00f3wn\u0105 a ekranem.<\/li>\n\n\n\n<li><strong>Awarie karty graficznej<\/strong> \u2013 w laptopach Acer cz\u0119sto zintegrowanej z p\u0142yt\u0105 g\u0142\u00f3wn\u0105, a w modelach gamingowych \u2013 dedykowanej.<\/li>\n\n\n\n<li><strong>Problemy z pami\u0119ci\u0105 RAM<\/strong> \u2013 poluzowany lub uszkodzony modu\u0142 mo\u017ce powodowa\u0107 brak obrazu.<\/li>\n\n\n\n<li><strong>Uszkodzenia p\u0142yty g\u0142\u00f3wnej<\/strong> \u2013 zalanie, przepi\u0119cia lub przegrzanie mog\u0105 spowodowa\u0107 brak mo\u017cliwo\u015bci wy\u015bwietlenia obrazu.<\/li>\n<\/ol>\n\n\n\n<p class=\"has-medium-font-size wp-block-paragraph\"><strong>Jak wst\u0119pnie zdiagnozowa\u0107 problem?<\/strong><\/p>\n\n\n\n<ul class=\"wp-block-list\">\n<li><strong>Pod\u0142\u0105cz laptop do zewn\u0119trznego monitora<\/strong> \u2013 je\u015bli obraz si\u0119 pojawia, problem dotyczy matrycy lub ta\u015bmy.<\/li>\n\n\n\n<li><strong>Wykonaj reset BIOS\/UEFI<\/strong> \u2013 od\u0142\u0105cz zasilacz, wyjmij bateri\u0119 (je\u015bli jest mo\u017cliwe), a nast\u0119pnie przytrzymaj przycisk zasilania przez 30 sekund.<\/li>\n\n\n\n<li><strong>Sprawd\u017a pami\u0119\u0107 RAM<\/strong> \u2013 wyjmij i ponownie zamontuj modu\u0142y lub przetestuj je pojedynczo.<\/li>\n\n\n\n<li><strong>Zwr\u00f3\u0107 uwag\u0119 na sygna\u0142y d\u017awi\u0119kowe (beepy)<\/strong> \u2013 mog\u0105 wskazywa\u0107 na rodzaj usterki.<\/li>\n<\/ul>\n\n\n\n<p class=\"has-medium-font-size wp-block-paragraph\"><strong>Profesjonalna naprawa laptopa Acer w naszym serwisie w Krakowie<\/strong><\/p>\n\n\n\n<p class=\"wp-block-paragraph\">Je\u015bli samodzielna diagnostyka nie przynosi efekt\u00f3w, warto odda\u0107 sprz\u0119t do naszego serwisu. W <strong>ABCLAP \u2013 Serwis Laptop\u00f3w w Krakowie<\/strong> zajmujemy si\u0119:<\/p>\n\n\n\n<ul class=\"wp-block-list\">\n<li>napraw\u0105 p\u0142yt g\u0142\u00f3wnych i kart graficznych,<\/li>\n\n\n\n<li>wymian\u0105 matryc i ta\u015bm sygna\u0142owych,<\/li>\n\n\n\n<li>aktualizacj\u0105 lub programowaniem BIOS\/UEFI,<\/li>\n\n\n\n<li>czyszczeniem i konserwacj\u0105 podzespo\u0142\u00f3w,<\/li>\n<\/ul>\n\n\n\n<p class=\"wp-block-paragraph\">Dzi\u0119ki profesjonalnej diagnostyce i nowoczesnemu zapleczu technicznemu jeste\u015bmy w stanie przywr\u00f3ci\u0107 sprawno\u015b\u0107 nawet w przypadku powa\u017cnych uszkodze\u0144.<\/p>\n\n\n\n<p class=\"has-medium-font-size wp-block-paragraph\"><strong>Podsumowanie<\/strong><\/p>\n\n\n\n<p class=\"wp-block-paragraph\">Czarny ekran w laptopie Acer nie zawsze oznacza konieczno\u015b\u0107 wymiany ca\u0142ego urz\u0105dzenia. <br>Cz\u0119sto problem mo\u017cna rozwi\u0105za\u0107 szybko i stosunkowo niedrogo, o ile trafi on w r\u0119ce do\u015bwiadczonych technik\u00f3w. Je\u015bli Tw\u00f3j Acer wy\u015bwietla jedynie czarny ekran po w\u0142\u0105czeniu, skontaktuj si\u0119 z nami, <br>a znajdziemy i usuniemy przyczyn\u0119 usterki.<\/p>\n\n\n\n<p class=\"wp-block-paragraph\"><\/p>\n","protected":false},"excerpt":{"rendered":"<p>Czarny ekran po uruchomieniu laptopa Acer to jedna z najcz\u0119stszych usterek, z jakimi spotykaj\u0105 si\u0119 u\u017cytkownicy. Sprz\u0119t reaguje na w\u0142\u0105czenie, s\u0142yszysz prac\u0119 wentylatora, \u015bwiec\u0105 si\u0119 kontrolki, ale na matrycy nie pojawia si\u0119 \u017caden obraz. Problem mo\u017ce dotyczy\u0107 zar\u00f3wno modeli z serii Aspire, Nitro, Predator, jak i innych. Przyczyn takiej awarii jest kilka, od drobnych usterek [&hellip;]<\/p>\n","protected":false},"author":1,"featured_media":4006,"comment_status":"closed","ping_status":"closed","sticky":false,"template":"","format":"standard","meta":{"ngg_post_thumbnail":0,"footnotes":""},"categories":[1],"tags":[761,766,758,759,762,767,764,763,765],"class_list":["post-4005","post","type-post","status-publish","format-standard","has-post-thumbnail","hentry","category-blog","tag-aceraspireczarnyekran","tag-acerbrakobrazu","tag-acerczarnyekran","tag-acerniewyswietlaobrazu","tag-acernitroczarnyekran","tag-czarnyekranlaptop","tag-naprawalaptopowacer","tag-serwisacerkrakow","tag-uszkodzonamatrycaacer"],"rttpg_featured_image_url":{"full":["https:\/\/abclap.pl\/serwislaptopow\/wp-content\/uploads\/2025\/08\/Laptop-Acer-czarny-ekran-po-wlaczeniu.png",1024,1024,false],"landscape":["https:\/\/abclap.pl\/serwislaptopow\/wp-content\/uploads\/2025\/08\/Laptop-Acer-czarny-ekran-po-wlaczeniu.png",1024,1024,false],"portraits":["https:\/\/abclap.pl\/serwislaptopow\/wp-content\/uploads\/2025\/08\/Laptop-Acer-czarny-ekran-po-wlaczeniu.png",1024,1024,false],"thumbnail":["https:\/\/abclap.pl\/serwislaptopow\/wp-content\/uploads\/2025\/08\/Laptop-Acer-czarny-ekran-po-wlaczeniu-150x150.png",150,150,true],"medium":["https:\/\/abclap.pl\/serwislaptopow\/wp-content\/uploads\/2025\/08\/Laptop-Acer-czarny-ekran-po-wlaczeniu-300x300.png",300,300,true],"large":["https:\/\/abclap.pl\/serwislaptopow\/wp-content\/uploads\/2025\/08\/Laptop-Acer-czarny-ekran-po-wlaczeniu.png",1024,1024,false],"1536x1536":["https:\/\/abclap.pl\/serwislaptopow\/wp-content\/uploads\/2025\/08\/Laptop-Acer-czarny-ekran-po-wlaczeniu.png",1024,1024,false],"2048x2048":["https:\/\/abclap.pl\/serwislaptopow\/wp-content\/uploads\/2025\/08\/Laptop-Acer-czarny-ekran-po-wlaczeniu.png",1024,1024,false],"phone-repair-360x185-cropped":["https:\/\/abclap.pl\/serwislaptopow\/wp-content\/uploads\/2025\/08\/Laptop-Acer-czarny-ekran-po-wlaczeniu-360x185.png",360,185,true],"phone-repair-360x360-cropped":["https:\/\/abclap.pl\/serwislaptopow\/wp-content\/uploads\/2025\/08\/Laptop-Acer-czarny-ekran-po-wlaczeniu-360x360.png",360,360,true],"rpwe-thumbnail":["https:\/\/abclap.pl\/serwislaptopow\/wp-content\/uploads\/2025\/08\/Laptop-Acer-czarny-ekran-po-wlaczeniu-45x45.png",45,45,true]},"rttpg_author":{"display_name":"Krzysztof vel Kadulski","author_link":"https:\/\/abclap.pl\/serwislaptopow\/author\/abclap\/"},"rttpg_comment":0,"rttpg_category":"<a href=\"https:\/\/abclap.pl\/serwislaptopow\/category\/blog\/\" rel=\"category tag\">Blog<\/a>","rttpg_excerpt":"Czarny ekran po uruchomieniu laptopa Acer to jedna z najcz\u0119stszych usterek, z jakimi spotykaj\u0105 si\u0119 u\u017cytkownicy. Sprz\u0119t reaguje na w\u0142\u0105czenie, s\u0142yszysz prac\u0119 wentylatora, \u015bwiec\u0105 si\u0119 kontrolki, ale na matrycy nie pojawia si\u0119 \u017caden obraz. Problem mo\u017ce dotyczy\u0107 zar\u00f3wno modeli z serii Aspire, Nitro, Predator, jak i innych. Przyczyn takiej awarii jest kilka, od drobnych usterek&hellip;","_links":{"self":[{"href":"https:\/\/abclap.pl\/serwislaptopow\/wp-json\/wp\/v2\/posts\/4005","targetHints":{"allow":["GET"]}}],"collection":[{"href":"https:\/\/abclap.pl\/serwislaptopow\/wp-json\/wp\/v2\/posts"}],"about":[{"href":"https:\/\/abclap.pl\/serwislaptopow\/wp-json\/wp\/v2\/types\/post"}],"author":[{"embeddable":true,"href":"https:\/\/abclap.pl\/serwislaptopow\/wp-json\/wp\/v2\/users\/1"}],"replies":[{"embeddable":true,"href":"https:\/\/abclap.pl\/serwislaptopow\/wp-json\/wp\/v2\/comments?post=4005"}],"version-history":[{"count":2,"href":"https:\/\/abclap.pl\/serwislaptopow\/wp-json\/wp\/v2\/posts\/4005\/revisions"}],"predecessor-version":[{"id":4091,"href":"https:\/\/abclap.pl\/serwislaptopow\/wp-json\/wp\/v2\/posts\/4005\/revisions\/4091"}],"wp:featuredmedia":[{"embeddable":true,"href":"https:\/\/abclap.pl\/serwislaptopow\/wp-json\/wp\/v2\/media\/4006"}],"wp:attachment":[{"href":"https:\/\/abclap.pl\/serwislaptopow\/wp-json\/wp\/v2\/media?parent=4005"}],"wp:term":[{"taxonomy":"category","embeddable":true,"href":"https:\/\/abclap.pl\/serwislaptopow\/wp-json\/wp\/v2\/categories?post=4005"},{"taxonomy":"post_tag","embeddable":true,"href":"https:\/\/abclap.pl\/serwislaptopow\/wp-json\/wp\/v2\/tags?post=4005"}],"curies":[{"name":"wp","href":"https:\/\/api.w.org\/{rel}","templated":true}]}}