{"id":4084,"date":"2025-09-02T11:07:04","date_gmt":"2025-09-02T09:07:04","guid":{"rendered":"https:\/\/abclap.webd.pro\/serwislaptopow\/?p=4084"},"modified":"2025-09-02T11:16:20","modified_gmt":"2025-09-02T09:16:20","slug":"macbook-nie-wlacza-sie-czarny-ekran","status":"publish","type":"post","link":"https:\/\/abclap.pl\/serwislaptopow\/macbook-nie-wlacza-sie-czarny-ekran\/","title":{"rendered":"MacBook nie w\u0142\u0105cza si\u0119, czarny ekran"},"content":{"rendered":"\n<p class=\"wp-block-paragraph\">MacBooki s\u0142yn\u0105 z niezawodno\u015bci i \u015bwietnej jako\u015bci wykonania, jednak nawet sprz\u0119t Apple czasami potrafi odm\u00f3wi\u0107 pos\u0142usze\u0144stwa. Jednym z cz\u0119stych problem\u00f3w zg\u0142aszanych przez u\u017cytkownik\u00f3w jest sytuacja, w kt\u00f3rej <strong>MacBook nie w\u0142\u0105cza si\u0119, a na ekranie pojawia si\u0119 jedynie czer\u0144<\/strong>. Co mo\u017ce by\u0107 przyczyn\u0105 takiej usterki i jak sobie z ni\u0105 poradzi\u0107?<\/p>\n\n\n\n<p class=\"has-medium-font-size wp-block-paragraph\"><strong>Najcz\u0119stsze przyczyny czarnego ekranu w MacBooku<\/strong><\/p>\n\n\n\n<ol start=\"1\" class=\"wp-block-list\">\n<li><strong>Problemy z bateri\u0105 lub zasilaniem<\/strong><br>Uszkodzony kabel zasilaj\u0105cy MagSafe\/USB-C, zu\u017cyta bateria, kt\u00f3ra nie trzyma napi\u0119cia, uszkodzenie uk\u0142adu \u0142adowania na p\u0142ycie g\u0142\u00f3wnej.<\/li>\n<\/ol>\n\n\n\n<ol start=\"2\" class=\"wp-block-list\">\n<li><strong>Awaria uk\u0142adu graficznego (GPU)<\/strong><br>W starszych modelach MacBook Pro cz\u0119sto spotykany jest problem z uk\u0142adem graficznym objawia si\u0119 w\u0142a\u015bnie czarnym ekranem, brakiem obrazu lub artefaktami.<br><\/li>\n\n\n\n<li><strong>Uszkodzenie p\u0142yty g\u0142\u00f3wnej<\/strong><br>Przepi\u0119cia, zalania czy naturalne zu\u017cycie mog\u0105 doprowadzi\u0107 do awarii uk\u0142ad\u00f3w zasilania, kontroler\u00f3w czy procesora.<br><\/li>\n\n\n\n<li><strong>Problemy systemowe<\/strong><br>B\u0142\u0119dny update systemu macOS, uszkodzone pliki rozruchowe, konflikt sterownik\u00f3w<br><\/li>\n\n\n\n<li><strong>Uszkodzona matryca lub ta\u015bma sygna\u0142owa<\/strong><br>Czasami MacBook uruchamia si\u0119 poprawnie, ale brak obrazu wynika z awarii samego wy\u015bwietlacza.<\/li>\n<\/ol>\n\n\n\n<p class=\"has-medium-font-size wp-block-paragraph\"><strong>Co mo\u017cesz sprawdzi\u0107 samodzielnie?<\/strong><\/p>\n\n\n\n<p class=\"wp-block-paragraph\">Zanim oddasz laptopa do naszego serwisu, warto wykona\u0107 kilka podstawowych krok\u00f3w:<\/p>\n\n\n\n<ul class=\"wp-block-list\">\n<li>Pod\u0142\u0105cz MacBooka do oryginalnej \u0142adowarki i sprawd\u017a, czy \u015bwieci si\u0119 dioda zasilania (w MagSafe).<\/li>\n\n\n\n<li>Spr\u00f3buj uruchomi\u0107 komputer w trybie awaryjnym lub pod\u0142\u0105cz go do zewn\u0119trznego monitora, aby sprawdzi\u0107, czy obraz pojawia si\u0119 na innym ekranie.<\/li>\n<\/ul>\n\n\n\n<p class=\"wp-block-paragraph\">Je\u015bli mimo pr\u00f3b <strong>MacBook dalej nie reaguje i pokazuje tylko czarny ekran<\/strong>, konieczna b\u0119dzie wizyta w naszym serwisie.<\/p>\n\n\n\n<p class=\"has-medium-font-size wp-block-paragraph\"><strong>Naprawa MacBook w naszym serwisie, jak wygl\u0105da?<\/strong><\/p>\n\n\n\n<p class=\"wp-block-paragraph\">W naszym <strong>serwisie laptop\u00f3w i MacBook\u00f3w w Krakowie<\/strong> wykonujemy pe\u0142n\u0105 diagnostyk\u0119 urz\u0105dzenia, kt\u00f3ra pozwala ustali\u0107, dlaczego MacBook nie w\u0142\u0105cza si\u0119. Sprawdzamy:<\/p>\n\n\n\n<ul class=\"wp-block-list\">\n<li>uk\u0142ad zasilania i p\u0142yt\u0119 g\u0142\u00f3wn\u0105,<\/li>\n\n\n\n<li>stan baterii i gniazda \u0142adowania,<\/li>\n\n\n\n<li>matryc\u0119 oraz ta\u015bm\u0119 sygna\u0142ow\u0105,<\/li>\n\n\n\n<li>pami\u0119\u0107 RAM, dysk SSD i uk\u0142ad ch\u0142odzenia.<\/li>\n<\/ul>\n\n\n\n<p class=\"wp-block-paragraph\">Dzi\u0119ki specjalistycznym stacjom BGA i mikroskopom serwisowym jeste\u015bmy w stanie naprawi\u0107 powa\u017cne usterki, np. wymieni\u0107 uk\u0142ad graficzny, uk\u0142ad zasilania lub przywr\u00f3ci\u0107 dzia\u0142anie p\u0142yty g\u0142\u00f3wnej.<\/p>\n\n\n\n<p class=\"has-medium-font-size wp-block-paragraph\"><strong>Dlaczego warto naprawi\u0107 MacBooka, a nie kupowa\u0107 nowego?<\/strong><\/p>\n\n\n\n<ul class=\"wp-block-list\">\n<li><strong>Oszcz\u0119dno\u015b\u0107<\/strong> \u2013 koszt naprawy jest wielokrotnie ni\u017cszy ni\u017c zakup nowego MacBooka.<\/li>\n\n\n\n<li><strong>Ekologia<\/strong> \u2013 naprawiaj\u0105c sprz\u0119t, dbasz o \u015brodowisko.<\/li>\n\n\n\n<li><strong>Bezpiecze\u0144stwo danych<\/strong> \u2013 odzyskujemy Twoje pliki, zdj\u0119cia i dokumenty z uszkodzonego urz\u0105dzenia.<\/li>\n<\/ul>\n\n\n\n<p class=\"has-medium-font-size wp-block-paragraph\"><strong>Podsumowanie<\/strong><\/p>\n\n\n\n<p class=\"wp-block-paragraph\">Je\u015bli Tw\u00f3j <strong>MacBook nie w\u0142\u0105cza si\u0119 i wy\u015bwietla tylko czarny ekran<\/strong>, nie oznacza to jeszcze ko\u0144ca pracy urz\u0105dzenia. W wi\u0119kszo\u015bci przypadk\u00f3w problem mo\u017cna skutecznie rozwi\u0105za\u0107. Najlepiej odda\u0107 sprz\u0119t <br>w r\u0119ce naszych specjalist\u00f3w, kt\u00f3rzy przeprowadz\u0105 dok\u0142adn\u0105 diagnostyk\u0119 i zaproponuj\u0105 korzystn\u0105 napraw\u0119.<\/p>\n\n\n\n<p class=\"wp-block-paragraph\"><\/p>\n","protected":false},"excerpt":{"rendered":"<p>MacBooki s\u0142yn\u0105 z niezawodno\u015bci i \u015bwietnej jako\u015bci wykonania, jednak nawet sprz\u0119t Apple czasami potrafi odm\u00f3wi\u0107 pos\u0142usze\u0144stwa. Jednym z cz\u0119stych problem\u00f3w zg\u0142aszanych przez u\u017cytkownik\u00f3w jest sytuacja, w kt\u00f3rej MacBook nie w\u0142\u0105cza si\u0119, a na ekranie pojawia si\u0119 jedynie czer\u0144. Co mo\u017ce by\u0107 przyczyn\u0105 takiej usterki i jak sobie z ni\u0105 poradzi\u0107? Najcz\u0119stsze przyczyny czarnego ekranu w [&hellip;]<\/p>\n","protected":false},"author":1,"featured_media":4085,"comment_status":"closed","ping_status":"closed","sticky":false,"template":"","format":"standard","meta":{"ngg_post_thumbnail":0,"footnotes":""},"categories":[1],"tags":[291,818,822,493,819,811,813,814,812,115,816,820,144,815],"class_list":["post-4084","post","type-post","status-publish","format-standard","has-post-thumbnail","hentry","category-blog","tag-abclap","tag-appleserwis","tag-bateriamacbook","tag-czarnyekran","tag-diagnostykamacbook","tag-macbook","tag-macbookair","tag-macbookniewlaczasie","tag-macbookpro","tag-naprawalaptopow","tag-naprawamacbook","tag-plytaglownamacbook","tag-serwislaptopow","tag-serwismacbook"],"rttpg_featured_image_url":{"full":["https:\/\/abclap.pl\/serwislaptopow\/wp-content\/uploads\/2025\/09\/MacBook-nie-wlacza-sie-\u2013-czarny-ekran.png",1024,1024,false],"landscape":["https:\/\/abclap.pl\/serwislaptopow\/wp-content\/uploads\/2025\/09\/MacBook-nie-wlacza-sie-\u2013-czarny-ekran.png",1024,1024,false],"portraits":["https:\/\/abclap.pl\/serwislaptopow\/wp-content\/uploads\/2025\/09\/MacBook-nie-wlacza-sie-\u2013-czarny-ekran.png",1024,1024,false],"thumbnail":["https:\/\/abclap.pl\/serwislaptopow\/wp-content\/uploads\/2025\/09\/MacBook-nie-wlacza-sie-\u2013-czarny-ekran-150x150.png",150,150,true],"medium":["https:\/\/abclap.pl\/serwislaptopow\/wp-content\/uploads\/2025\/09\/MacBook-nie-wlacza-sie-\u2013-czarny-ekran-300x300.png",300,300,true],"large":["https:\/\/abclap.pl\/serwislaptopow\/wp-content\/uploads\/2025\/09\/MacBook-nie-wlacza-sie-\u2013-czarny-ekran.png",1024,1024,false],"1536x1536":["https:\/\/abclap.pl\/serwislaptopow\/wp-content\/uploads\/2025\/09\/MacBook-nie-wlacza-sie-\u2013-czarny-ekran.png",1024,1024,false],"2048x2048":["https:\/\/abclap.pl\/serwislaptopow\/wp-content\/uploads\/2025\/09\/MacBook-nie-wlacza-sie-\u2013-czarny-ekran.png",1024,1024,false],"phone-repair-360x185-cropped":["https:\/\/abclap.pl\/serwislaptopow\/wp-content\/uploads\/2025\/09\/MacBook-nie-wlacza-sie-\u2013-czarny-ekran-360x185.png",360,185,true],"phone-repair-360x360-cropped":["https:\/\/abclap.pl\/serwislaptopow\/wp-content\/uploads\/2025\/09\/MacBook-nie-wlacza-sie-\u2013-czarny-ekran-360x360.png",360,360,true],"rpwe-thumbnail":["https:\/\/abclap.pl\/serwislaptopow\/wp-content\/uploads\/2025\/09\/MacBook-nie-wlacza-sie-\u2013-czarny-ekran-45x45.png",45,45,true]},"rttpg_author":{"display_name":"Krzysztof vel Kadulski","author_link":"https:\/\/abclap.pl\/serwislaptopow\/author\/abclap\/"},"rttpg_comment":0,"rttpg_category":"<a href=\"https:\/\/abclap.pl\/serwislaptopow\/category\/blog\/\" rel=\"category tag\">Blog<\/a>","rttpg_excerpt":"MacBooki s\u0142yn\u0105 z niezawodno\u015bci i \u015bwietnej jako\u015bci wykonania, jednak nawet sprz\u0119t Apple czasami potrafi odm\u00f3wi\u0107 pos\u0142usze\u0144stwa. Jednym z cz\u0119stych problem\u00f3w zg\u0142aszanych przez u\u017cytkownik\u00f3w jest sytuacja, w kt\u00f3rej MacBook nie w\u0142\u0105cza si\u0119, a na ekranie pojawia si\u0119 jedynie czer\u0144. Co mo\u017ce by\u0107 przyczyn\u0105 takiej usterki i jak sobie z ni\u0105 poradzi\u0107? Najcz\u0119stsze przyczyny czarnego ekranu w&hellip;","_links":{"self":[{"href":"https:\/\/abclap.pl\/serwislaptopow\/wp-json\/wp\/v2\/posts\/4084","targetHints":{"allow":["GET"]}}],"collection":[{"href":"https:\/\/abclap.pl\/serwislaptopow\/wp-json\/wp\/v2\/posts"}],"about":[{"href":"https:\/\/abclap.pl\/serwislaptopow\/wp-json\/wp\/v2\/types\/post"}],"author":[{"embeddable":true,"href":"https:\/\/abclap.pl\/serwislaptopow\/wp-json\/wp\/v2\/users\/1"}],"replies":[{"embeddable":true,"href":"https:\/\/abclap.pl\/serwislaptopow\/wp-json\/wp\/v2\/comments?post=4084"}],"version-history":[{"count":2,"href":"https:\/\/abclap.pl\/serwislaptopow\/wp-json\/wp\/v2\/posts\/4084\/revisions"}],"predecessor-version":[{"id":4090,"href":"https:\/\/abclap.pl\/serwislaptopow\/wp-json\/wp\/v2\/posts\/4084\/revisions\/4090"}],"wp:featuredmedia":[{"embeddable":true,"href":"https:\/\/abclap.pl\/serwislaptopow\/wp-json\/wp\/v2\/media\/4085"}],"wp:attachment":[{"href":"https:\/\/abclap.pl\/serwislaptopow\/wp-json\/wp\/v2\/media?parent=4084"}],"wp:term":[{"taxonomy":"category","embeddable":true,"href":"https:\/\/abclap.pl\/serwislaptopow\/wp-json\/wp\/v2\/categories?post=4084"},{"taxonomy":"post_tag","embeddable":true,"href":"https:\/\/abclap.pl\/serwislaptopow\/wp-json\/wp\/v2\/tags?post=4084"}],"curies":[{"name":"wp","href":"https:\/\/api.w.org\/{rel}","templated":true}]}}