{"id":4101,"date":"2025-09-04T08:42:18","date_gmt":"2025-09-04T06:42:18","guid":{"rendered":"https:\/\/abclap.webd.pro\/serwislaptopow\/?p=4101"},"modified":"2025-09-04T08:42:19","modified_gmt":"2025-09-04T06:42:19","slug":"ekran-laptopa-dell-jest-ciemny-ale-dziala-podswietlenie","status":"publish","type":"post","link":"https:\/\/abclap.pl\/serwislaptopow\/ekran-laptopa-dell-jest-ciemny-ale-dziala-podswietlenie\/","title":{"rendered":"Ekran laptopa Dell jest ciemny, ale dzia\u0142a pod\u015bwietlenie"},"content":{"rendered":"\n<p class=\"wp-block-paragraph\">Zdarza si\u0119, \u017ce laptop Dell <strong>uruchamia si\u0119 normalnie, ale ekran pozostaje czarny lub bardzo ciemny<\/strong>, mimo \u017ce <strong>dzia\u0142a pod\u015bwietlenie<\/strong>. Taki problem mo\u017ce by\u0107 myl\u0105cy, u\u017cytkownik widzi po\u015bwiat\u0119, wentylatory pracuj\u0105, diody si\u0119 \u015bwiec\u0105, ale tre\u015b\u0107 na ekranie jest niewidoczna lub ledwo dostrzegalna. Co mo\u017ce by\u0107 przyczyn\u0105? I czy warto naprawia\u0107 taki sprz\u0119t?<\/p>\n\n\n\n<p class=\"has-medium-font-size wp-block-paragraph\"><strong>Typowe objawy:<\/strong><\/p>\n\n\n\n<ul class=\"wp-block-list\">\n<li>Matryca jest <strong>ciemna, ale pod odpowiednim k\u0105tem wida\u0107 obraz<\/strong><\/li>\n\n\n\n<li>Po pod\u015bwietleniu latark\u0105 da si\u0119 dostrzec pulpit Windows<\/li>\n\n\n\n<li>Na zewn\u0119trznym monitorze laptop dzia\u0142a prawid\u0142owo<\/li>\n\n\n\n<li>Brak reakcji matrycy na zmian\u0119 k\u0105ta nachylenia klapy<\/li>\n\n\n\n<li>Laptop Dell normalnie uruchamia system i wydaje d\u017awi\u0119ki<\/li>\n<\/ul>\n\n\n\n<p class=\"has-medium-font-size wp-block-paragraph\"><strong>Najcz\u0119stsze przyczyny:<\/strong><\/p>\n\n\n\n<p class=\"has-medium-font-size wp-block-paragraph\"><strong>Uszkodzenie drivera pod\u015bwietlenia (LED controller)<\/strong><\/p>\n\n\n\n<p class=\"wp-block-paragraph\">W nowoczesnych laptopach Dell matryce pod\u015bwietlane s\u0105 diodami LED, a za ich prac\u0119 odpowiada sterownik (LED driver). Gdy ulegnie awarii, ekran dzia\u0142a, ale <strong>bez aktywnego pod\u015bwietlenia<\/strong>.<\/p>\n\n\n\n<p class=\"has-medium-font-size wp-block-paragraph\"><strong>Problem z ta\u015bm\u0105 sygna\u0142ow\u0105 lub z\u0142\u0105czem<\/strong><\/p>\n\n\n\n<p class=\"wp-block-paragraph\">Czasem winny jest uszkodzony przew\u00f3d \u0142\u0105cz\u0105cy p\u0142yt\u0119 g\u0142\u00f3wn\u0105 z matryc\u0105. Mo\u017ce doj\u015b\u0107 do przetarcia, obluzowania lub zwarcia, wtedy matryca nie otrzymuje poprawnego napi\u0119cia pod\u015bwietlenia.<\/p>\n\n\n\n<p class=\"has-medium-font-size wp-block-paragraph\"><strong>Uszkodzona matryca<\/strong><\/p>\n\n\n\n<p class=\"wp-block-paragraph\">Nie zawsze przyczyn\u0105 jest elektronika, sama matryca LCD\/LED r\u00f3wnie\u017c mo\u017ce ulec awarii. Cz\u0119sto winne s\u0105 uk\u0142ady scalone odpowiadaj\u0105ce za kontrol\u0119 jasno\u015bci.<\/p>\n\n\n\n<p class=\"has-medium-font-size wp-block-paragraph\"><strong>Usterka p\u0142yty g\u0142\u00f3wnej lub uk\u0142adu zasilania matrycy<\/strong><\/p>\n\n\n\n<p class=\"wp-block-paragraph\">W niekt\u00f3rych przypadkach problem le\u017cy g\u0142\u0119biej, np. w uszkodzonym uk\u0142adzie zasilaj\u0105cym na p\u0142ycie g\u0142\u00f3wnej, kt\u00f3ry nie podaje odpowiedniego napi\u0119cia do matrycy.<\/p>\n\n\n\n<p class=\"has-medium-font-size wp-block-paragraph\"><strong>Czy mo\u017cna to naprawi\u0107?<\/strong><\/p>\n\n\n\n<p class=\"wp-block-paragraph\"><strong>Tak!<\/strong> To jedna z najcz\u0119stszych usterek w laptopach, a jej naprawa jest w wi\u0119kszo\u015bci przypadk\u00f3w <strong>szybka i op\u0142acalna<\/strong>. W naszym serwisie ABCLAP w Krakowie przeprowadzamy:<\/p>\n\n\n\n<p class=\"wp-block-paragraph\">&#8211; Diagnostyk\u0119 uk\u0142ad\u00f3w pod\u015bwietlenia<br>&#8211; Wymian\u0119 ta\u015bmy sygna\u0142owej lub matrycy<br>&#8211; Naprawy precyzyjne na poziomie p\u0142yty g\u0142\u00f3wnej<br>&#8211; Testy ko\u0144cowe i kontrol\u0119 jako\u015bci z gwarancj\u0105<\/p>\n\n\n\n<p class=\"has-medium-font-size wp-block-paragraph\"><strong>Podsumowanie<\/strong><\/p>\n\n\n\n<p class=\"wp-block-paragraph\">Je\u015bli ekran w Twoim laptopie Dell jest <strong>ciemny, ale wyra\u017anie dzia\u0142a pod\u015bwietlenie<\/strong>, to znak, \u017ce matryca nadal pracuje, a problem tkwi w jednym z uk\u0142ad\u00f3w steruj\u0105cych lub po\u0142\u0105czeniu. W naszym serwisie zdiagnozujemy usterk\u0119 i zaproponujemy najlepsze rozwi\u0105zanie. Nie odk\u0142adaj naprawy, dzia\u0142amy szybko, profesjonalnie i lokalnie!<\/p>\n\n\n\n<p class=\"wp-block-paragraph\"><\/p>\n","protected":false},"excerpt":{"rendered":"<p>Zdarza si\u0119, \u017ce laptop Dell uruchamia si\u0119 normalnie, ale ekran pozostaje czarny lub bardzo ciemny, mimo \u017ce dzia\u0142a pod\u015bwietlenie. Taki problem mo\u017ce by\u0107 myl\u0105cy, u\u017cytkownik widzi po\u015bwiat\u0119, wentylatory pracuj\u0105, diody si\u0119 \u015bwiec\u0105, ale tre\u015b\u0107 na ekranie jest niewidoczna lub ledwo dostrzegalna. Co mo\u017ce by\u0107 przyczyn\u0105? I czy warto naprawia\u0107 taki sprz\u0119t? Typowe objawy: Najcz\u0119stsze przyczyny: [&hellip;]<\/p>\n","protected":false},"author":1,"featured_media":4102,"comment_status":"closed","ping_status":"closed","sticky":false,"template":"","format":"standard","meta":{"ngg_post_thumbnail":0,"footnotes":""},"categories":[1],"tags":[291,838,836,541,837,550,540,144,796],"class_list":["post-4101","post","type-post","status-publish","format-standard","has-post-thumbnail","hentry","category-blog","tag-abclap","tag-ciemnamatryca","tag-ciemnyekrandell","tag-czarnyekrandell","tag-dellpodswietlenie","tag-naprawalaptopowkrakow","tag-serwisdellkrakow","tag-serwislaptopow","tag-wymianamatrycydell"],"rttpg_featured_image_url":{"full":["https:\/\/abclap.pl\/serwislaptopow\/wp-content\/uploads\/2025\/09\/Ekran-Dell-ciemny-ale-dziala-podswietlenie.png",1024,1024,false],"landscape":["https:\/\/abclap.pl\/serwislaptopow\/wp-content\/uploads\/2025\/09\/Ekran-Dell-ciemny-ale-dziala-podswietlenie.png",1024,1024,false],"portraits":["https:\/\/abclap.pl\/serwislaptopow\/wp-content\/uploads\/2025\/09\/Ekran-Dell-ciemny-ale-dziala-podswietlenie.png",1024,1024,false],"thumbnail":["https:\/\/abclap.pl\/serwislaptopow\/wp-content\/uploads\/2025\/09\/Ekran-Dell-ciemny-ale-dziala-podswietlenie-150x150.png",150,150,true],"medium":["https:\/\/abclap.pl\/serwislaptopow\/wp-content\/uploads\/2025\/09\/Ekran-Dell-ciemny-ale-dziala-podswietlenie-300x300.png",300,300,true],"large":["https:\/\/abclap.pl\/serwislaptopow\/wp-content\/uploads\/2025\/09\/Ekran-Dell-ciemny-ale-dziala-podswietlenie.png",1024,1024,false],"1536x1536":["https:\/\/abclap.pl\/serwislaptopow\/wp-content\/uploads\/2025\/09\/Ekran-Dell-ciemny-ale-dziala-podswietlenie.png",1024,1024,false],"2048x2048":["https:\/\/abclap.pl\/serwislaptopow\/wp-content\/uploads\/2025\/09\/Ekran-Dell-ciemny-ale-dziala-podswietlenie.png",1024,1024,false],"phone-repair-360x185-cropped":["https:\/\/abclap.pl\/serwislaptopow\/wp-content\/uploads\/2025\/09\/Ekran-Dell-ciemny-ale-dziala-podswietlenie-360x185.png",360,185,true],"phone-repair-360x360-cropped":["https:\/\/abclap.pl\/serwislaptopow\/wp-content\/uploads\/2025\/09\/Ekran-Dell-ciemny-ale-dziala-podswietlenie-360x360.png",360,360,true],"rpwe-thumbnail":["https:\/\/abclap.pl\/serwislaptopow\/wp-content\/uploads\/2025\/09\/Ekran-Dell-ciemny-ale-dziala-podswietlenie-45x45.png",45,45,true]},"rttpg_author":{"display_name":"Krzysztof vel Kadulski","author_link":"https:\/\/abclap.pl\/serwislaptopow\/author\/abclap\/"},"rttpg_comment":0,"rttpg_category":"<a href=\"https:\/\/abclap.pl\/serwislaptopow\/category\/blog\/\" rel=\"category tag\">Blog<\/a>","rttpg_excerpt":"Zdarza si\u0119, \u017ce laptop Dell uruchamia si\u0119 normalnie, ale ekran pozostaje czarny lub bardzo ciemny, mimo \u017ce dzia\u0142a pod\u015bwietlenie. Taki problem mo\u017ce by\u0107 myl\u0105cy, u\u017cytkownik widzi po\u015bwiat\u0119, wentylatory pracuj\u0105, diody si\u0119 \u015bwiec\u0105, ale tre\u015b\u0107 na ekranie jest niewidoczna lub ledwo dostrzegalna. Co mo\u017ce by\u0107 przyczyn\u0105? I czy warto naprawia\u0107 taki sprz\u0119t? Typowe objawy: Najcz\u0119stsze przyczyny:&hellip;","_links":{"self":[{"href":"https:\/\/abclap.pl\/serwislaptopow\/wp-json\/wp\/v2\/posts\/4101","targetHints":{"allow":["GET"]}}],"collection":[{"href":"https:\/\/abclap.pl\/serwislaptopow\/wp-json\/wp\/v2\/posts"}],"about":[{"href":"https:\/\/abclap.pl\/serwislaptopow\/wp-json\/wp\/v2\/types\/post"}],"author":[{"embeddable":true,"href":"https:\/\/abclap.pl\/serwislaptopow\/wp-json\/wp\/v2\/users\/1"}],"replies":[{"embeddable":true,"href":"https:\/\/abclap.pl\/serwislaptopow\/wp-json\/wp\/v2\/comments?post=4101"}],"version-history":[{"count":1,"href":"https:\/\/abclap.pl\/serwislaptopow\/wp-json\/wp\/v2\/posts\/4101\/revisions"}],"predecessor-version":[{"id":4103,"href":"https:\/\/abclap.pl\/serwislaptopow\/wp-json\/wp\/v2\/posts\/4101\/revisions\/4103"}],"wp:featuredmedia":[{"embeddable":true,"href":"https:\/\/abclap.pl\/serwislaptopow\/wp-json\/wp\/v2\/media\/4102"}],"wp:attachment":[{"href":"https:\/\/abclap.pl\/serwislaptopow\/wp-json\/wp\/v2\/media?parent=4101"}],"wp:term":[{"taxonomy":"category","embeddable":true,"href":"https:\/\/abclap.pl\/serwislaptopow\/wp-json\/wp\/v2\/categories?post=4101"},{"taxonomy":"post_tag","embeddable":true,"href":"https:\/\/abclap.pl\/serwislaptopow\/wp-json\/wp\/v2\/tags?post=4101"}],"curies":[{"name":"wp","href":"https:\/\/api.w.org\/{rel}","templated":true}]}}