{"id":4107,"date":"2025-09-05T09:41:46","date_gmt":"2025-09-05T07:41:46","guid":{"rendered":"https:\/\/abclap.webd.pro\/serwislaptopow\/?p=4107"},"modified":"2025-09-05T09:47:42","modified_gmt":"2025-09-05T07:47:42","slug":"macbook-a1708-miga-ale-sie-nie-uruchamia","status":"publish","type":"post","link":"https:\/\/abclap.pl\/serwislaptopow\/macbook-a1708-miga-ale-sie-nie-uruchamia\/","title":{"rendered":"MacBook A1708 miga, ale si\u0119 nie uruchamia"},"content":{"rendered":"\n<p class=\"wp-block-paragraph\">Model <strong>MacBook Pro A1708 (13\u201d bez Touch Bara)<\/strong> to popularny laptop Apple z 2016\u20132017 roku. Niestety, wielu u\u017cytkownik\u00f3w tego modelu spotyka si\u0119 z problemem, w kt\u00f3rym <strong>diody sygnalizacyjne lub ekran migaj\u0105, ale komputer nie chce si\u0119 uruchomi\u0107<\/strong>. Co mo\u017ce by\u0107 przyczyn\u0105 takiego zachowania i jak rozwi\u0105za\u0107 problem?<\/p>\n\n\n\n<p class=\"has-medium-font-size wp-block-paragraph\"><strong>Objawy awarii w MacBooku A1708<\/strong><\/p>\n\n\n\n<ul class=\"wp-block-list\">\n<li>Ekran delikatnie miga przy pr\u00f3bie w\u0142\u0105czenia.<\/li>\n\n\n\n<li>Pod\u015bwietlenie klawiatury dzia\u0142a, ale system si\u0119 nie \u0142aduje.<\/li>\n\n\n\n<li>Laptop reaguje na pod\u0142\u0105czenie \u0142adowarki, jednak pozostaje w stanie \u201ezawieszenia\u201d.<\/li>\n\n\n\n<li>Czasem s\u0142ycha\u0107 d\u017awi\u0119k wentylatora, ale obraz nie pojawia si\u0119 na ekranie.<\/li>\n<\/ul>\n\n\n\n<p class=\"has-medium-font-size wp-block-paragraph\"><strong>Najcz\u0119stsze przyczyny&nbsp; MacBook A1708 miga i nie startuje<\/strong><\/p>\n\n\n\n<ol start=\"1\" class=\"wp-block-list\">\n<li class=\"has-medium-font-size\"><strong>Problemy z uk\u0142adem zasilania<\/strong><\/li>\n<\/ol>\n\n\n\n<p class=\"wp-block-paragraph\">Uszkodzony uk\u0142ad U7000 (CD3215\/ISL), odpowiedzialny za zarz\u0105dzanie zasilaniem port\u00f3w USB-C. <br>Awarie sekcji zasilania procesora lub pami\u0119ci.<\/p>\n\n\n\n<ol start=\"2\" class=\"wp-block-list\">\n<li class=\"has-medium-font-size\"><strong>B\u0142\u0119dy pami\u0119ci RAM lub dysku SSD<\/strong><\/li>\n<\/ol>\n\n\n\n<p class=\"wp-block-paragraph\">W modelu A1708 pami\u0119\u0107 RAM i SSD s\u0105 wlutowane w p\u0142yt\u0119 g\u0142\u00f3wn\u0105. Ich uszkodzenie powoduje brak mo\u017cliwo\u015bci uruchomienia systemu.<\/p>\n\n\n\n<ol start=\"3\" class=\"wp-block-list\">\n<li class=\"has-medium-font-size\"><strong>Uszkodzony uk\u0142ad graficzny \/ mostek PCH<\/strong><\/li>\n<\/ol>\n\n\n\n<p class=\"wp-block-paragraph\">Miganie mo\u017ce oznacza\u0107 problemy z inicjalizacj\u0105 grafiki lub komunikacj\u0105 mi\u0119dzy procesorem a p\u0142yt\u0105 g\u0142\u00f3wn\u0105.<\/p>\n\n\n\n<ol start=\"4\" class=\"wp-block-list\">\n<li class=\"has-medium-font-size\"><strong>B\u0142\u0105d oprogramowania uk\u0142adowego (EFI\/firmware)<\/strong><\/li>\n<\/ol>\n\n\n\n<p class=\"wp-block-paragraph\">Uszkodzony firmware mo\u017ce uniemo\u017cliwia\u0107 poprawny rozruch systemu.<\/p>\n\n\n\n<ol start=\"5\" class=\"wp-block-list\">\n<li class=\"has-medium-font-size\"><strong>Zalanie lub uszkodzenia mechaniczne<\/strong><\/li>\n<\/ol>\n\n\n\n<p class=\"wp-block-paragraph\">Nawet niewielka ilo\u015b\u0107 cieczy w MacBookach potrafi spowodowa\u0107 korozj\u0119 i niestabiln\u0105 prac\u0119 elektroniki.<\/p>\n\n\n\n<p class=\"has-medium-font-size wp-block-paragraph\"><strong>Co mo\u017cesz zrobi\u0107 samodzielnie?<\/strong><\/p>\n\n\n\n<ul class=\"wp-block-list\">\n<li>Spr\u00f3buj wykona\u0107 <strong>reset SMC<\/strong> i <strong>NVRAM<\/strong>.<\/li>\n\n\n\n<li>Pod\u0142\u0105cz MacBooka do innej, sprawnej \u0142adowarki USB-C.<\/li>\n\n\n\n<li>Sprawd\u017a, czy laptop reaguje na pod\u0142\u0105czenie do zewn\u0119trznego monitora.<\/li>\n<\/ul>\n\n\n\n<p class=\"wp-block-paragraph\">Je\u015bli jednak <strong>MacBook A1708 nadal miga, ale nie startuje<\/strong>, konieczna b\u0119dzie profesjonalna diagnostyka w naszym serwisie ABCLAP.<\/p>\n\n\n\n<p class=\"has-medium-font-size wp-block-paragraph\"><strong><br>Jak wygl\u0105da naprawa MacBook A1708 w naszym serwisie?<\/strong><\/p>\n\n\n\n<p class=\"wp-block-paragraph\">W naszym <strong>serwisie MacBook Krak\u00f3w<\/strong> zajmujemy si\u0119 kompleksow\u0105 diagnostyk\u0105 i napraw\u0105 tego modelu. Sprawdzamy:<\/p>\n\n\n\n<ul class=\"wp-block-list\">\n<li>uk\u0142ady zasilania i kontrolery USB-C,<\/li>\n\n\n\n<li>pami\u0119\u0107 RAM i SSD wlutowane w p\u0142yt\u0119 g\u0142\u00f3wn\u0105,<\/li>\n\n\n\n<li>uk\u0142ad graficzny i mostek PCH,<\/li>\n\n\n\n<li>ewentualne \u015blady zalania i uszkodzenia mechaniczne.<\/li>\n<\/ul>\n\n\n\n<p class=\"wp-block-paragraph\">Dzi\u0119ki specjalistycznym stacjom BGA oraz mikroskopom serwisowym jeste\u015bmy w stanie naprawi\u0107 nawet powa\u017cne usterki p\u0142yty g\u0142\u00f3wnej w MacBooku A1708.<\/p>\n\n\n\n<p class=\"has-medium-font-size wp-block-paragraph\"><strong>Podsumowanie<\/strong><\/p>\n\n\n\n<p class=\"wp-block-paragraph\">Je\u015bli Tw\u00f3j <strong>MacBook A1708 miga, ale si\u0119 nie uruchamia<\/strong>, nie zwlekaj to objaw powa\u017cniejszej usterki, kt\u00f3r\u0105 jednak da si\u0119 naprawi\u0107. W naszym pogwarancyjnym serwisie Apple w Krakowie zdiagnozujemy problem i przywr\u00f3cimy pe\u0142n\u0105 sprawno\u015b\u0107 Twojego MacBooka.<\/p>\n\n\n\n<p class=\"wp-block-paragraph\"><\/p>\n","protected":false},"excerpt":{"rendered":"<p>Model MacBook Pro A1708 (13\u201d bez Touch Bara) to popularny laptop Apple z 2016\u20132017 roku. Niestety, wielu u\u017cytkownik\u00f3w tego modelu spotyka si\u0119 z problemem, w kt\u00f3rym diody sygnalizacyjne lub ekran migaj\u0105, ale komputer nie chce si\u0119 uruchomi\u0107. Co mo\u017ce by\u0107 przyczyn\u0105 takiego zachowania i jak rozwi\u0105za\u0107 problem? Objawy awarii w MacBooku A1708 Najcz\u0119stsze przyczyny&nbsp; MacBook [&hellip;]<\/p>\n","protected":false},"author":1,"featured_media":4110,"comment_status":"closed","ping_status":"closed","sticky":false,"template":"","format":"standard","meta":{"ngg_post_thumbnail":0,"footnotes":""},"categories":[1],"tags":[818,819,842,817,843,844,845,115,816,820,144,815],"class_list":["post-4107","post","type-post","status-publish","format-standard","has-post-thumbnail","hentry","category-blog","tag-appleserwis","tag-diagnostykamacbook","tag-macbooka1708","tag-macbookkrakow","tag-macbookmiga","tag-macbooknieuruchamiasie","tag-macbookproblem","tag-naprawalaptopow","tag-naprawamacbook","tag-plytaglownamacbook","tag-serwislaptopow","tag-serwismacbook"],"rttpg_featured_image_url":{"full":["https:\/\/abclap.pl\/serwislaptopow\/wp-content\/uploads\/2025\/09\/MacBook-A1708-miga-ale-sie-nie-uruchamia-1.png",1024,1148,false],"landscape":["https:\/\/abclap.pl\/serwislaptopow\/wp-content\/uploads\/2025\/09\/MacBook-A1708-miga-ale-sie-nie-uruchamia-1.png",1024,1148,false],"portraits":["https:\/\/abclap.pl\/serwislaptopow\/wp-content\/uploads\/2025\/09\/MacBook-A1708-miga-ale-sie-nie-uruchamia-1.png",1024,1148,false],"thumbnail":["https:\/\/abclap.pl\/serwislaptopow\/wp-content\/uploads\/2025\/09\/MacBook-A1708-miga-ale-sie-nie-uruchamia-1-150x150.png",150,150,true],"medium":["https:\/\/abclap.pl\/serwislaptopow\/wp-content\/uploads\/2025\/09\/MacBook-A1708-miga-ale-sie-nie-uruchamia-1-268x300.png",268,300,true],"large":["https:\/\/abclap.pl\/serwislaptopow\/wp-content\/uploads\/2025\/09\/MacBook-A1708-miga-ale-sie-nie-uruchamia-1-913x1024.png",913,1024,true],"1536x1536":["https:\/\/abclap.pl\/serwislaptopow\/wp-content\/uploads\/2025\/09\/MacBook-A1708-miga-ale-sie-nie-uruchamia-1.png",1024,1148,false],"2048x2048":["https:\/\/abclap.pl\/serwislaptopow\/wp-content\/uploads\/2025\/09\/MacBook-A1708-miga-ale-sie-nie-uruchamia-1.png",1024,1148,false],"phone-repair-360x185-cropped":["https:\/\/abclap.pl\/serwislaptopow\/wp-content\/uploads\/2025\/09\/MacBook-A1708-miga-ale-sie-nie-uruchamia-1-360x185.png",360,185,true],"phone-repair-360x360-cropped":["https:\/\/abclap.pl\/serwislaptopow\/wp-content\/uploads\/2025\/09\/MacBook-A1708-miga-ale-sie-nie-uruchamia-1-360x360.png",360,360,true],"rpwe-thumbnail":["https:\/\/abclap.pl\/serwislaptopow\/wp-content\/uploads\/2025\/09\/MacBook-A1708-miga-ale-sie-nie-uruchamia-1-45x45.png",45,45,true]},"rttpg_author":{"display_name":"Krzysztof vel Kadulski","author_link":"https:\/\/abclap.pl\/serwislaptopow\/author\/abclap\/"},"rttpg_comment":0,"rttpg_category":"<a href=\"https:\/\/abclap.pl\/serwislaptopow\/category\/blog\/\" rel=\"category tag\">Blog<\/a>","rttpg_excerpt":"Model MacBook Pro A1708 (13\u201d bez Touch Bara) to popularny laptop Apple z 2016\u20132017 roku. Niestety, wielu u\u017cytkownik\u00f3w tego modelu spotyka si\u0119 z problemem, w kt\u00f3rym diody sygnalizacyjne lub ekran migaj\u0105, ale komputer nie chce si\u0119 uruchomi\u0107. Co mo\u017ce by\u0107 przyczyn\u0105 takiego zachowania i jak rozwi\u0105za\u0107 problem? Objawy awarii w MacBooku A1708 Najcz\u0119stsze przyczyny&nbsp; MacBook&hellip;","_links":{"self":[{"href":"https:\/\/abclap.pl\/serwislaptopow\/wp-json\/wp\/v2\/posts\/4107","targetHints":{"allow":["GET"]}}],"collection":[{"href":"https:\/\/abclap.pl\/serwislaptopow\/wp-json\/wp\/v2\/posts"}],"about":[{"href":"https:\/\/abclap.pl\/serwislaptopow\/wp-json\/wp\/v2\/types\/post"}],"author":[{"embeddable":true,"href":"https:\/\/abclap.pl\/serwislaptopow\/wp-json\/wp\/v2\/users\/1"}],"replies":[{"embeddable":true,"href":"https:\/\/abclap.pl\/serwislaptopow\/wp-json\/wp\/v2\/comments?post=4107"}],"version-history":[{"count":1,"href":"https:\/\/abclap.pl\/serwislaptopow\/wp-json\/wp\/v2\/posts\/4107\/revisions"}],"predecessor-version":[{"id":4109,"href":"https:\/\/abclap.pl\/serwislaptopow\/wp-json\/wp\/v2\/posts\/4107\/revisions\/4109"}],"wp:featuredmedia":[{"embeddable":true,"href":"https:\/\/abclap.pl\/serwislaptopow\/wp-json\/wp\/v2\/media\/4110"}],"wp:attachment":[{"href":"https:\/\/abclap.pl\/serwislaptopow\/wp-json\/wp\/v2\/media?parent=4107"}],"wp:term":[{"taxonomy":"category","embeddable":true,"href":"https:\/\/abclap.pl\/serwislaptopow\/wp-json\/wp\/v2\/categories?post=4107"},{"taxonomy":"post_tag","embeddable":true,"href":"https:\/\/abclap.pl\/serwislaptopow\/wp-json\/wp\/v2\/tags?post=4107"}],"curies":[{"name":"wp","href":"https:\/\/api.w.org\/{rel}","templated":true}]}}