{"id":4403,"date":"2025-12-02T09:52:43","date_gmt":"2025-12-02T08:52:43","guid":{"rendered":"https:\/\/abclap.pl\/serwislaptopow\/?p=4403"},"modified":"2025-12-02T09:52:46","modified_gmt":"2025-12-02T08:52:46","slug":"laptop-asus-wlacza-sie-ale-ekran-czarny","status":"publish","type":"post","link":"https:\/\/abclap.pl\/serwislaptopow\/laptop-asus-wlacza-sie-ale-ekran-czarny\/","title":{"rendered":"Laptop Asus w\u0142\u0105cza si\u0119, ale ekran czarny"},"content":{"rendered":"\n<p class=\"wp-block-paragraph\">To jedna z najcz\u0119\u015bciej zg\u0142aszanych usterek przez u\u017cytkownik\u00f3w laptop\u00f3w Asus. Sprz\u0119t reaguje na przycisk zasilania, wentylatory startuj\u0105, \u015bwiec\u0105 si\u0119 diody, czasem s\u0142ycha\u0107 d\u017awi\u0119k systemu, ale ekran pozostaje ca\u0142kowicie czarny.<\/p>\n\n\n\n<p class=\"wp-block-paragraph\">Taka awaria mo\u017ce mie\u0107 r\u00f3\u017cne przyczyny: od prostych, jak ta\u015bma matrycy, a\u017c po powa\u017cne uszkodzenia p\u0142yty g\u0142\u00f3wnej czy BIOS. W tym artykule wyja\u015bniamy, <strong>dlaczego laptop Asus w\u0142\u0105cza si\u0119, ale ekran jest czarny<\/strong>, jak to zdiagnozowa\u0107 oraz jak wygl\u0105da profesjonalna naprawa w naszym serwisie ABCLAP.<\/p>\n\n\n\n<p class=\"has-medium-font-size wp-block-paragraph\"><strong>Dlaczego w Asusie ekran pozostaje czarny mimo uruchamiania laptopa?<\/strong><\/p>\n\n\n\n<p class=\"has-medium-font-size wp-block-paragraph\"><strong>1. Brak pod\u015bwietlenia matrycy<\/strong><\/p>\n\n\n\n<p class=\"wp-block-paragraph\">To jedna z najcz\u0119stszych usterek.<br>Ekran jest czarny, ale <strong>pod latark\u0105 wida\u0107 cie\u0144 obrazu<\/strong>. Powodem mo\u017ce by\u0107:<\/p>\n\n\n\n<ul class=\"wp-block-list\">\n<li>uszkodzony driver LED,<\/li>\n\n\n\n<li>przepalony bezpiecznik pod\u015bwietlenia na p\u0142ycie,<\/li>\n\n\n\n<li>uszkodzona ta\u015bma matrycy,<\/li>\n\n\n\n<li>awaria pod\u015bwietlenia LED w panelu.<\/li>\n<\/ul>\n\n\n\n<p class=\"has-medium-font-size wp-block-paragraph\"><strong>2. Uszkodzona ta\u015bma matrycy<\/strong><\/p>\n\n\n\n<p class=\"wp-block-paragraph\">Z czasem ulega przetarciu, szczeg\u00f3lnie przy zawiasach.<\/p>\n\n\n\n<p class=\"wp-block-paragraph\">Objawy:<\/p>\n\n\n\n<ul class=\"wp-block-list\">\n<li>ekran czarny, ale widoczny pod odpowiednim k\u0105tem,<\/li>\n\n\n\n<li>obraz pojawia si\u0119 tylko chwilami,<\/li>\n\n\n\n<li>migotanie przy poruszaniu klap\u0105.<\/li>\n<\/ul>\n\n\n\n<p class=\"has-medium-font-size wp-block-paragraph\"><strong>3. Uszkodzona matryca (LCD\/LED\/OLED)<\/strong><\/p>\n\n\n\n<p class=\"wp-block-paragraph\">Ekran mo\u017ce:<\/p>\n\n\n\n<ul class=\"wp-block-list\">\n<li>nie wy\u015bwietla\u0107 obrazu,<\/li>\n\n\n\n<li>pozostawa\u0107 ciemny,<\/li>\n\n\n\n<li>mie\u0107 uszkodzon\u0105 elektronik\u0119 panelu.<\/li>\n<\/ul>\n\n\n\n<p class=\"wp-block-paragraph\">To cz\u0119sty efekt upadku, uderzenia lub nacisku na pokryw\u0119.<\/p>\n\n\n\n<p class=\"has-medium-font-size wp-block-paragraph\"><strong>4. Uszkodzona karta graficzna (GPU \/ APU)<\/strong><\/p>\n\n\n\n<p class=\"wp-block-paragraph\">Dotyczy szczeg\u00f3lnie modeli:<\/p>\n\n\n\n<ul class=\"wp-block-list\">\n<li>Asus TUF Gaming,<\/li>\n\n\n\n<li>Asus ROG Strix,<\/li>\n\n\n\n<li>laptop\u00f3w z kart\u0105 NVIDIA lub AMD.<\/li>\n<\/ul>\n\n\n\n<p class=\"wp-block-paragraph\">Objawy:<\/p>\n\n\n\n<ul class=\"wp-block-list\">\n<li>czarny ekran na matrycy i HDMI,<\/li>\n\n\n\n<li>laptop w\u0142\u0105cza si\u0119, ale wentylatory zwi\u0119kszaj\u0105 obroty,<\/li>\n\n\n\n<li>brak sygna\u0142u obrazu mimo pracy systemu.<\/li>\n<\/ul>\n\n\n\n<p class=\"has-medium-font-size wp-block-paragraph\"><strong>5. B\u0142\u0119dnie wgrany BIOS \/ uszkodzony BIOS<\/strong><\/p>\n\n\n\n<p class=\"wp-block-paragraph\">Po aktualizacji lub awarii BIOS mo\u017ce:<\/p>\n\n\n\n<ul class=\"wp-block-list\">\n<li>nie inicjalizowa\u0107 matrycy,<\/li>\n\n\n\n<li>nie dawa\u0107 obrazu,<\/li>\n\n\n\n<li>zatrzymywa\u0107 laptop w fazie POST.<\/li>\n<\/ul>\n\n\n\n<p class=\"wp-block-paragraph\">Szczeg\u00f3lnie cz\u0119ste w Asus VivoBook i ZenBook.<\/p>\n\n\n\n<p class=\"has-medium-font-size wp-block-paragraph\"><strong>6. Awaria p\u0142yty g\u0142\u00f3wnej<\/strong><\/p>\n\n\n\n<p class=\"wp-block-paragraph\">Brak obrazu mo\u017ce wynika\u0107 z uszkodzenia:<\/p>\n\n\n\n<ul class=\"wp-block-list\">\n<li>sekcji zasilania matrycy,<\/li>\n\n\n\n<li>uk\u0142adu eDP,<\/li>\n\n\n\n<li>kontrolera EC,<\/li>\n\n\n\n<li>mostka (PCH),<\/li>\n\n\n\n<li>procesora.<\/li>\n<\/ul>\n\n\n\n<p class=\"wp-block-paragraph\">Laptop \u201estartuje\u201d, lecz nie przechodzi pe\u0142nej inicjalizacji obrazu.<\/p>\n\n\n\n<p class=\"has-medium-font-size wp-block-paragraph\"><strong>7. Uszkodzony RAM lub slot RAM<\/strong><\/p>\n\n\n\n<p class=\"wp-block-paragraph\">Gdy pami\u0119\u0107 RAM nie dzia\u0142a prawid\u0142owo, laptop mo\u017ce w\u0142\u0105cza\u0107 si\u0119, ale:<\/p>\n\n\n\n<ul class=\"wp-block-list\">\n<li>nie poka\u017ce obrazu,<\/li>\n\n\n\n<li>zrestartuje si\u0119 wielokrotnie.<\/li>\n<\/ul>\n\n\n\n<p class=\"has-medium-font-size wp-block-paragraph\"><strong>8. Zewn\u0119trzny monitor ustawiony jako g\u0142\u00f3wny<\/strong><\/p>\n\n\n\n<p class=\"wp-block-paragraph\">Zdarza si\u0119 po aktualizacjach Windows laptop wstaje, ale obraz trafia wy\u0142\u0105cznie na HDMI.<\/p>\n\n\n\n<p class=\"has-medium-font-size wp-block-paragraph\"><strong>Jak samodzielnie sprawdzi\u0107, dlaczego ekran jest czarny?<\/strong><\/p>\n\n\n\n<p class=\"has-medium-font-size wp-block-paragraph\"><strong>1. Pod\u0142\u0105cz monitor zewn\u0119trzny<\/strong><\/p>\n\n\n\n<ul class=\"wp-block-list\">\n<li>je\u015bli obraz wy\u015bwietla si\u0119 prawid\u0142owo &#8211; problem z matryc\u0105, ta\u015bm\u0105, pod\u015bwietleniem,<\/li>\n\n\n\n<li>je\u015bli r\u00f3wnie\u017c brak obrazu &#8211; GPU lub p\u0142yta g\u0142\u00f3wna.<\/li>\n<\/ul>\n\n\n\n<p class=\"has-medium-font-size wp-block-paragraph\"><strong>2. Pod\u015bwietl ekran latark\u0105<\/strong><\/p>\n\n\n\n<p class=\"wp-block-paragraph\">Je\u015bli wida\u0107 pulpit \u2014 pod\u015bwietlenie matrycy nie dzia\u0142a.<\/p>\n\n\n\n<p class=\"has-medium-font-size wp-block-paragraph\"><strong>3. Restart z od\u0142\u0105czon\u0105 bateri\u0105<\/strong><\/p>\n\n\n\n<p class=\"wp-block-paragraph\">Od\u0142\u0105cz:<\/p>\n\n\n\n<ul class=\"wp-block-list\">\n<li>zasilacz,<\/li>\n\n\n\n<li>bateri\u0119 (je\u015bli jest wyjmowana),<\/li>\n\n\n\n<li>przytrzymaj POWER 20\u201330 sekund.<\/li>\n<\/ul>\n\n\n\n<p class=\"has-medium-font-size wp-block-paragraph\"><strong>4. Prze\u0142\u00f3\u017c pami\u0119\u0107 RAM<\/strong><\/p>\n\n\n\n<p class=\"wp-block-paragraph\">Czasem laptop startuje dopiero po poprawnym osadzeniu RAM.<\/p>\n\n\n\n<p class=\"wp-block-paragraph\"><strong>5. Sprawd\u017a reakcj\u0119 na CAPS LOCK<\/strong><\/p>\n\n\n\n<p class=\"wp-block-paragraph\">Je\u015bli dioda reaguje \u2014 system dzia\u0142a, ekran nie.<\/p>\n\n\n\n<p class=\"has-medium-font-size wp-block-paragraph\"><strong>Naprawa czarnego ekranu w Asus \u2013 jak pomaga nasz serwis ABCLAP?<\/strong><\/p>\n\n\n\n<p class=\"wp-block-paragraph\">W ABCLAP wykonujemy pe\u0142n\u0105 diagnostyk\u0119 sprz\u0119tu i naprawiamy wszystkie mo\u017cliwe przyczyny braku obrazu.<\/p>\n\n\n\n<p class=\"has-medium-font-size wp-block-paragraph\">Diagnozujemy i naprawiamy usterki GPU w modelach gamingowych.<\/p>\n\n\n\n<p class=\"wp-block-paragraph\">Po naprawie laptop startuje normalnie i ponownie wy\u015bwietla pe\u0142ny obraz.<\/p>\n\n\n\n<p class=\"has-medium-font-size wp-block-paragraph\"><strong>Podsumowanie<\/strong><\/p>\n\n\n\n<p class=\"wp-block-paragraph\">Czarny ekran w Asusie najcz\u0119\u015bciej oznacza problem z:<\/p>\n\n\n\n<ul class=\"wp-block-list\">\n<li>pod\u015bwietleniem,<\/li>\n\n\n\n<li>ta\u015bm\u0105 matrycy,<\/li>\n\n\n\n<li>matryc\u0105,<\/li>\n\n\n\n<li>BIOS-em,<\/li>\n\n\n\n<li>GPU,<\/li>\n\n\n\n<li>p\u0142yt\u0105 g\u0142\u00f3wn\u0105.<\/li>\n<\/ul>\n\n\n\n<p class=\"wp-block-paragraph\">Najwa\u017cniejsze jest prawid\u0142owe ustalenie, <strong>czy laptop generuje obraz<\/strong>, ale nie wy\u015bwietla go, czy w og\u00f3le go nie tworzy. W naszym serwisie <strong>ABCLAP<\/strong> przeprowadzamy pe\u0142n\u0105 diagnostyk\u0119 i skuteczn\u0105 napraw\u0119 niezale\u017cnie od modelu Asus.<\/p>\n\n\n\n<p class=\"wp-block-paragraph\"><\/p>\n","protected":false},"excerpt":{"rendered":"<p>To jedna z najcz\u0119\u015bciej zg\u0142aszanych usterek przez u\u017cytkownik\u00f3w laptop\u00f3w Asus. Sprz\u0119t reaguje na przycisk zasilania, wentylatory startuj\u0105, \u015bwiec\u0105 si\u0119 diody, czasem s\u0142ycha\u0107 d\u017awi\u0119k systemu, ale ekran pozostaje ca\u0142kowicie czarny. Taka awaria mo\u017ce mie\u0107 r\u00f3\u017cne przyczyny: od prostych, jak ta\u015bma matrycy, a\u017c po powa\u017cne uszkodzenia p\u0142yty g\u0142\u00f3wnej czy BIOS. W tym artykule wyja\u015bniamy, dlaczego laptop Asus [&hellip;]<\/p>\n","protected":false},"author":1,"featured_media":4404,"comment_status":"closed","ping_status":"closed","sticky":false,"template":"","format":"standard","meta":{"ngg_post_thumbnail":0,"footnotes":""},"categories":[1],"tags":[291,1168,1212,1302,1183,1182,1184,1201,598,1214,1317,693,1169,1318,1310,1196,1315,144,999],"class_list":["post-4403","post","type-post","status-publish","format-standard","has-post-thumbnail","hentry","category-blog","tag-abclap","tag-asus-2","tag-asusblackscreen","tag-asusnodisplay","tag-asusrog","tag-asustuf","tag-asusvivobook","tag-asuszenbook","tag-brakobrazu","tag-czarnyekranasus","tag-displayissue","tag-gpuproblem","tag-laptopasus","tag-laptopnieuruchamiaobrazu","tag-matrycaasus","tag-naprawaasus","tag-podswietleniematrycy","tag-serwislaptopow","tag-tasmamatrycy"],"rttpg_featured_image_url":{"full":["https:\/\/abclap.pl\/serwislaptopow\/wp-content\/uploads\/2025\/12\/Laptop-Asus-wlacza-sie-ale-ekran-czarny.png",1024,1024,false],"landscape":["https:\/\/abclap.pl\/serwislaptopow\/wp-content\/uploads\/2025\/12\/Laptop-Asus-wlacza-sie-ale-ekran-czarny.png",1024,1024,false],"portraits":["https:\/\/abclap.pl\/serwislaptopow\/wp-content\/uploads\/2025\/12\/Laptop-Asus-wlacza-sie-ale-ekran-czarny.png",1024,1024,false],"thumbnail":["https:\/\/abclap.pl\/serwislaptopow\/wp-content\/uploads\/2025\/12\/Laptop-Asus-wlacza-sie-ale-ekran-czarny-150x150.png",150,150,true],"medium":["https:\/\/abclap.pl\/serwislaptopow\/wp-content\/uploads\/2025\/12\/Laptop-Asus-wlacza-sie-ale-ekran-czarny-300x300.png",300,300,true],"large":["https:\/\/abclap.pl\/serwislaptopow\/wp-content\/uploads\/2025\/12\/Laptop-Asus-wlacza-sie-ale-ekran-czarny.png",1024,1024,false],"1536x1536":["https:\/\/abclap.pl\/serwislaptopow\/wp-content\/uploads\/2025\/12\/Laptop-Asus-wlacza-sie-ale-ekran-czarny.png",1024,1024,false],"2048x2048":["https:\/\/abclap.pl\/serwislaptopow\/wp-content\/uploads\/2025\/12\/Laptop-Asus-wlacza-sie-ale-ekran-czarny.png",1024,1024,false],"phone-repair-360x185-cropped":["https:\/\/abclap.pl\/serwislaptopow\/wp-content\/uploads\/2025\/12\/Laptop-Asus-wlacza-sie-ale-ekran-czarny-360x185.png",360,185,true],"phone-repair-360x360-cropped":["https:\/\/abclap.pl\/serwislaptopow\/wp-content\/uploads\/2025\/12\/Laptop-Asus-wlacza-sie-ale-ekran-czarny-360x360.png",360,360,true],"rpwe-thumbnail":["https:\/\/abclap.pl\/serwislaptopow\/wp-content\/uploads\/2025\/12\/Laptop-Asus-wlacza-sie-ale-ekran-czarny-45x45.png",45,45,true]},"rttpg_author":{"display_name":"Krzysztof vel Kadulski","author_link":"https:\/\/abclap.pl\/serwislaptopow\/author\/abclap\/"},"rttpg_comment":0,"rttpg_category":"<a href=\"https:\/\/abclap.pl\/serwislaptopow\/category\/blog\/\" rel=\"category tag\">Blog<\/a>","rttpg_excerpt":"To jedna z najcz\u0119\u015bciej zg\u0142aszanych usterek przez u\u017cytkownik\u00f3w laptop\u00f3w Asus. Sprz\u0119t reaguje na przycisk zasilania, wentylatory startuj\u0105, \u015bwiec\u0105 si\u0119 diody, czasem s\u0142ycha\u0107 d\u017awi\u0119k systemu, ale ekran pozostaje ca\u0142kowicie czarny. Taka awaria mo\u017ce mie\u0107 r\u00f3\u017cne przyczyny: od prostych, jak ta\u015bma matrycy, a\u017c po powa\u017cne uszkodzenia p\u0142yty g\u0142\u00f3wnej czy BIOS. W tym artykule wyja\u015bniamy, dlaczego laptop Asus&hellip;","_links":{"self":[{"href":"https:\/\/abclap.pl\/serwislaptopow\/wp-json\/wp\/v2\/posts\/4403","targetHints":{"allow":["GET"]}}],"collection":[{"href":"https:\/\/abclap.pl\/serwislaptopow\/wp-json\/wp\/v2\/posts"}],"about":[{"href":"https:\/\/abclap.pl\/serwislaptopow\/wp-json\/wp\/v2\/types\/post"}],"author":[{"embeddable":true,"href":"https:\/\/abclap.pl\/serwislaptopow\/wp-json\/wp\/v2\/users\/1"}],"replies":[{"embeddable":true,"href":"https:\/\/abclap.pl\/serwislaptopow\/wp-json\/wp\/v2\/comments?post=4403"}],"version-history":[{"count":1,"href":"https:\/\/abclap.pl\/serwislaptopow\/wp-json\/wp\/v2\/posts\/4403\/revisions"}],"predecessor-version":[{"id":4405,"href":"https:\/\/abclap.pl\/serwislaptopow\/wp-json\/wp\/v2\/posts\/4403\/revisions\/4405"}],"wp:featuredmedia":[{"embeddable":true,"href":"https:\/\/abclap.pl\/serwislaptopow\/wp-json\/wp\/v2\/media\/4404"}],"wp:attachment":[{"href":"https:\/\/abclap.pl\/serwislaptopow\/wp-json\/wp\/v2\/media?parent=4403"}],"wp:term":[{"taxonomy":"category","embeddable":true,"href":"https:\/\/abclap.pl\/serwislaptopow\/wp-json\/wp\/v2\/categories?post=4403"},{"taxonomy":"post_tag","embeddable":true,"href":"https:\/\/abclap.pl\/serwislaptopow\/wp-json\/wp\/v2\/tags?post=4403"}],"curies":[{"name":"wp","href":"https:\/\/api.w.org\/{rel}","templated":true}]}}